{"id":2164,"date":"2026-02-06T09:38:17","date_gmt":"2026-02-06T08:38:17","guid":{"rendered":"https:\/\/www.rennikjanneggers.com\/?p=2164"},"modified":"2026-02-18T16:50:40","modified_gmt":"2026-02-18T15:50:40","slug":"the-cunning-little-vixen-reisopera","status":"publish","type":"post","link":"https:\/\/www.rennikjanneggers.com\/index.php\/2026\/02\/06\/the-cunning-little-vixen-reisopera\/","title":{"rendered":"The Cunning Little Vixen | Reisopera"},"content":{"rendered":"\n<p><\/p>\n\n\n\n<p class=\"has-small-font-size\">This is a full (technical) recording of the premi\u00e8re of The Cunning Little Vixen on 22 January 2026 in the Wilminktheater in Enschede.<\/p>\n\n\n\n<p><\/p>\n\n\n\n<figure class=\"wp-block-embed is-type-video is-provider-vimeo wp-block-embed-vimeo wp-embed-aspect-16-9 wp-has-aspect-ratio\"><div class=\"wp-block-embed__wrapper\">\n<iframe title=\"Het Sluwe Vosje (The Cunning Little Vixen) | Reisopera\" src=\"https:\/\/player.vimeo.com\/video\/1161408911?h=8cf831809e&amp;dnt=1&amp;app_id=122963\" width=\"500\" height=\"281\" frameborder=\"0\" allow=\"autoplay; fullscreen; picture-in-picture; clipboard-write; encrypted-media; web-share\" referrerpolicy=\"strict-origin-when-cross-origin\"><\/iframe>\n<\/div><\/figure>\n\n\n\n<p class=\"has-small-font-size\"><br><br>Team:<br>Musical direction: Pieter-Jelle de Boer<br>Staging: Rennik-Jan Neggers<br>Set-design: Sebastian Hannak<br>Costume-design: Sarah Mittenb\u00fchler<br>Light design: Alex Brok<br>Movement Director: Vir\u00e1g Dezs\u00f6<br><br>Little Vixen: Laetitia Gerards<br>Forester: Jasper Leever<br>Fox: Polly Leech<br>Hara\u0161ta\/Lapak: Huub Claessens<br>Priest\/Badger: Martijn Sanders<br>Schoolmaster\/Mosquito: Mark Omvlee<br>Forester\u2019s Wife\/Owl: Eva Kroon<br>Cricket\/Hen\/Pask\u00f3va: Ana-Carmen Balestra<br>P\u00e1sek\/Woodpecker: Denzil Delaere<br>Jay\/Grasshopper\/Frantik: Kris Ng<br>Pepik\/Frog: Channa Malkin<br>Young Vixen: Sarah Konig<\/p>\n\n\n\n<p class=\"has-small-font-size\">Children\u2019s chorus: Reisopera Kinderkoor<\/p>\n\n\n\n<p class=\"has-small-font-size\">Chorus: Consensus Vocalis<\/p>\n\n\n\n<p class=\"has-small-font-size\">Orchestra: Orkest Phion<\/p>\n","protected":false},"excerpt":{"rendered":"<p>This is a full (technical) recording of the premi\u00e8re of The Cunning Little Vixen on 22 January 2026 in the Wilminktheater in Enschede. Team:Musical direction: Pieter-Jelle de BoerStaging: Rennik-Jan NeggersSet-design: Sebastian HannakCostume-design: Sarah Mittenb\u00fchlerLight design: Alex BrokMovement Director: Vir\u00e1g Dezs\u00f6 Little Vixen: Laetitia GerardsForester: Jasper LeeverFox: Polly LeechHara\u0161ta\/Lapak: Huub ClaessensPriest\/Badger: Martijn SandersSchoolmaster\/Mosquito: Mark OmvleeForester\u2019s Wife\/Owl: [&hellip;]<\/p>\n","protected":false},"author":1,"featured_media":0,"comment_status":"open","ping_status":"open","sticky":false,"template":"","format":"standard","meta":{"h5ap_radio_sources":[],"footnotes":""},"categories":[14],"tags":[],"class_list":["post-2164","post","type-post","status-publish","format-standard","hentry","category-uncategorized-en"],"_links":{"self":[{"href":"https:\/\/www.rennikjanneggers.com\/index.php\/wp-json\/wp\/v2\/posts\/2164","targetHints":{"allow":["GET"]}}],"collection":[{"href":"https:\/\/www.rennikjanneggers.com\/index.php\/wp-json\/wp\/v2\/posts"}],"about":[{"href":"https:\/\/www.rennikjanneggers.com\/index.php\/wp-json\/wp\/v2\/types\/post"}],"author":[{"embeddable":true,"href":"https:\/\/www.rennikjanneggers.com\/index.php\/wp-json\/wp\/v2\/users\/1"}],"replies":[{"embeddable":true,"href":"https:\/\/www.rennikjanneggers.com\/index.php\/wp-json\/wp\/v2\/comments?post=2164"}],"version-history":[{"count":3,"href":"https:\/\/www.rennikjanneggers.com\/index.php\/wp-json\/wp\/v2\/posts\/2164\/revisions"}],"predecessor-version":[{"id":2222,"href":"https:\/\/www.rennikjanneggers.com\/index.php\/wp-json\/wp\/v2\/posts\/2164\/revisions\/2222"}],"wp:attachment":[{"href":"https:\/\/www.rennikjanneggers.com\/index.php\/wp-json\/wp\/v2\/media?parent=2164"}],"wp:term":[{"taxonomy":"category","embeddable":true,"href":"https:\/\/www.rennikjanneggers.com\/index.php\/wp-json\/wp\/v2\/categories?post=2164"},{"taxonomy":"post_tag","embeddable":true,"href":"https:\/\/www.rennikjanneggers.com\/index.php\/wp-json\/wp\/v2\/tags?post=2164"}],"curies":[{"name":"wp","href":"https:\/\/api.w.org\/{rel}","templated":true}]}}